{"id":28,"date":"2010-12-09T11:54:47","date_gmt":"2010-12-09T11:54:47","guid":{"rendered":"http:\/\/pl.freedomguard.arbat.name\/?p=28"},"modified":"2010-12-09T11:54:47","modified_gmt":"2010-12-09T11:54:47","slug":"o-przesladowaniach-julian-assange","status":"publish","type":"post","link":"https:\/\/pl.freedomguard.arbat.name\/?p=28","title":{"rendered":"O prze\u015bladowaniach Julian Assange"},"content":{"rendered":"<p>Mi\u0119dzynarodowy Komitet obrony wolno\u015bci i spo\u0142ecze\u0144stwa obywatelskiego wyra\u017ca g\u0142\u0119bokie zaniepokojenie globalnym represji skoordynowanego Wikileaks informacji o projekcie i jego za\u0142o\u017cyciela, Julian Assange.<\/p>\n<p><!--more-->Mi\u0119dzynarodowy Komitet obrony wolno\u015bci i spo\u0142ecze\u0144stwa obywatelskiego uwa\u017ca te skandaliczne wydarzenia, jak bardzo niebezpieczne atak na podstawy wsp\u00f3\u0142czesnej cywilizacji, kt\u00f3ra podwa\u017ca systemu praw cz\u0142owieka i wiar\u0119 w sprawiedliwo\u015b\u0107.<\/p>\n<p>Mi\u0119dzynarodowy Komitet obrony wolno\u015bci i obywatelskich domaga si\u0119 spo\u0142ecze\u0144stwa obywatelskiego ze wszystkich os\u00f3b zaanga\u017cowanych w przypadku urz\u0119dnik\u00f3w i w\u0142adz publicznych, aby natychmiast przeprowadzi\u0107 niezb\u0119dne dochodzenie w sprawie incydentu i najbardziej rygorystyczny spos\u00f3b kara\u0107 osoby odpowiedzialne za ten sabota\u017c z fundamentalnymi zasadami istnienia wolnego \u015bwiata.<\/p>\n<p>Orygina\u0142 o\u015bwiadczenia w j\u0119zyku rosyjskim jest dost\u0119pny w <a href=\"http:\/\/civilguard.arbat.name\/?p=83\">civilguard.arbat.name<\/a>.<\/p>\n","protected":false},"excerpt":{"rendered":"<p>Mi\u0119dzynarodowy Komitet obrony wolno\u015bci i spo\u0142ecze\u0144stwa obywatelskiego wyra\u017ca g\u0142\u0119bokie zaniepokojenie globalnym represji skoordynowanego Wikileaks informacji o projekcie i jego za\u0142o\u017cyciela, Julian Assange.<\/p>\n","protected":false},"author":1,"featured_media":0,"comment_status":"closed","ping_status":"open","sticky":false,"template":"","format":"standard","meta":{"footnotes":""},"categories":[18],"tags":[22,4,20,21,23,19],"class_list":["post-28","post","type-post","status-publish","format-standard","hentry","category-komitet-obrony-wolnosci","tag-cenzura","tag-nacisku-na-media","tag-prawa-czlowieka","tag-stany-zjednoczone","tag-szwecja","tag-wielka-brytania"],"_links":{"self":[{"href":"https:\/\/pl.freedomguard.arbat.name\/index.php?rest_route=\/wp\/v2\/posts\/28","targetHints":{"allow":["GET"]}}],"collection":[{"href":"https:\/\/pl.freedomguard.arbat.name\/index.php?rest_route=\/wp\/v2\/posts"}],"about":[{"href":"https:\/\/pl.freedomguard.arbat.name\/index.php?rest_route=\/wp\/v2\/types\/post"}],"author":[{"embeddable":true,"href":"https:\/\/pl.freedomguard.arbat.name\/index.php?rest_route=\/wp\/v2\/users\/1"}],"replies":[{"embeddable":true,"href":"https:\/\/pl.freedomguard.arbat.name\/index.php?rest_route=%2Fwp%2Fv2%2Fcomments&post=28"}],"version-history":[{"count":0,"href":"https:\/\/pl.freedomguard.arbat.name\/index.php?rest_route=\/wp\/v2\/posts\/28\/revisions"}],"wp:attachment":[{"href":"https:\/\/pl.freedomguard.arbat.name\/index.php?rest_route=%2Fwp%2Fv2%2Fmedia&parent=28"}],"wp:term":[{"taxonomy":"category","embeddable":true,"href":"https:\/\/pl.freedomguard.arbat.name\/index.php?rest_route=%2Fwp%2Fv2%2Fcategories&post=28"},{"taxonomy":"post_tag","embeddable":true,"href":"https:\/\/pl.freedomguard.arbat.name\/index.php?rest_route=%2Fwp%2Fv2%2Ftags&post=28"}],"curies":[{"name":"wp","href":"https:\/\/api.w.org\/{rel}","templated":true}]}}