{"id":33,"date":"2011-03-10T22:47:23","date_gmt":"2011-03-10T22:47:23","guid":{"rendered":"http:\/\/pl.freedomguard.arbat.name\/?p=33"},"modified":"2011-03-10T22:47:23","modified_gmt":"2011-03-10T22:47:23","slug":"o-sytuacji-w-libii","status":"publish","type":"post","link":"https:\/\/pl.freedomguard.arbat.name\/?p=33","title":{"rendered":"O sytuacji w Libii"},"content":{"rendered":"<p>Mi\u0119dzynarodowy Komitet obrony wolno\u015bci i spo\u0142ecze\u0144stwa obywatelskiego uznaje za niedopuszczalne, w jaki spos\u00f3b rz\u0105d libijski, w celu powstrzymania popularne protest\u00f3w przeciwko autorytarnego re\u017cimu Muammara Kadafiego.<\/p>\n<p><!--more-->Mi\u0119dzynarodowy Komitet obrony wolno\u015bci i spo\u0142ecze\u0144stwa obywatelskiego uwa\u017ca, \u017ce \u200b\u200bkorzystanie z samolot\u00f3w wojskowych przeciwko w\u0142asnej ludno\u015bci jest wyra\u017anie wykracza poza zakres jakiegokolwiek cywilizowanego zachowania i wyra\u017anie jest zbrodni\u0105 przeciwko ludzko\u015bci.<\/p>\n<p>Mi\u0119dzynarodowy Komitet obrony spo\u0142ecze\u0144stwa wolno\u015bci i obywatelskich uwa\u017ca, \u017ce \u200b\u200bnale\u017cy podj\u0105\u0107 spo\u0142eczno\u015bci mi\u0119dzynarodowej w odniesieniu do Libii wszelkich niezb\u0119dnych \u015brodk\u00f3w ekonomicznych, dyplomatycznych i wojskowych wysi\u0142k\u00f3w na natychmiastowe usuni\u0119cie od w\u0142adzy Muammar Kadafi z p\u00f3\u017aniejszymi przekazania oprawcy w r\u0119kach mi\u0119dzynarodowego trybuna\u0142u.<\/p>\n<p>Orygina\u0142 o\u015bwiadczenia w j\u0119zyku rosyjskim jest dost\u0119pny w <a href=\"http:\/\/civilguard.arbat.name\/?p=112\">civilguard.arbat.name<\/a>.<\/p>\n","protected":false},"excerpt":{"rendered":"<p>Mi\u0119dzynarodowy Komitet obrony wolno\u015bci i spo\u0142ecze\u0144stwa obywatelskiego uznaje za niedopuszczalne, w jaki spos\u00f3b rz\u0105d libijski, w celu powstrzymania popularne protest\u00f3w przeciwko autorytarnego re\u017cimu Muammara Kadafiego.<\/p>\n","protected":false},"author":1,"featured_media":0,"comment_status":"closed","ping_status":"open","sticky":false,"template":"","format":"standard","meta":{"footnotes":""},"categories":[18],"tags":[25,20,24],"class_list":["post-33","post","type-post","status-publish","format-standard","hentry","category-komitet-obrony-wolnosci","tag-libia","tag-prawa-czlowieka","tag-zbrodnie-wojenne"],"_links":{"self":[{"href":"https:\/\/pl.freedomguard.arbat.name\/index.php?rest_route=\/wp\/v2\/posts\/33","targetHints":{"allow":["GET"]}}],"collection":[{"href":"https:\/\/pl.freedomguard.arbat.name\/index.php?rest_route=\/wp\/v2\/posts"}],"about":[{"href":"https:\/\/pl.freedomguard.arbat.name\/index.php?rest_route=\/wp\/v2\/types\/post"}],"author":[{"embeddable":true,"href":"https:\/\/pl.freedomguard.arbat.name\/index.php?rest_route=\/wp\/v2\/users\/1"}],"replies":[{"embeddable":true,"href":"https:\/\/pl.freedomguard.arbat.name\/index.php?rest_route=%2Fwp%2Fv2%2Fcomments&post=33"}],"version-history":[{"count":0,"href":"https:\/\/pl.freedomguard.arbat.name\/index.php?rest_route=\/wp\/v2\/posts\/33\/revisions"}],"wp:attachment":[{"href":"https:\/\/pl.freedomguard.arbat.name\/index.php?rest_route=%2Fwp%2Fv2%2Fmedia&parent=33"}],"wp:term":[{"taxonomy":"category","embeddable":true,"href":"https:\/\/pl.freedomguard.arbat.name\/index.php?rest_route=%2Fwp%2Fv2%2Fcategories&post=33"},{"taxonomy":"post_tag","embeddable":true,"href":"https:\/\/pl.freedomguard.arbat.name\/index.php?rest_route=%2Fwp%2Fv2%2Ftags&post=33"}],"curies":[{"name":"wp","href":"https:\/\/api.w.org\/{rel}","templated":true}]}}