{"id":47,"date":"2011-07-07T13:04:33","date_gmt":"2011-07-07T13:04:33","guid":{"rendered":"http:\/\/pl.freedomguard.arbat.name\/?p=47"},"modified":"2011-07-07T13:04:33","modified_gmt":"2011-07-07T13:04:33","slug":"nekania-dziennikarzy-na-ukrainie","status":"publish","type":"post","link":"https:\/\/pl.freedomguard.arbat.name\/?p=47","title":{"rendered":"N\u0119kania dziennikarzy na Ukrainie"},"content":{"rendered":"<p>Mi\u0119dzynarodowy Komitet Wolno\u015bci Prasy i praw dziennikarzy jest zaniepokojony n\u0119kania dziennikarzy w s\u0105dzie w mie\u015bcie Kijowie, kt\u00f3re mia\u0142o miejsce dzisiaj w przypadku by\u0142ego premiera Ukrainy i pr\u0105du lidera opozycji Juli\u0105 Tymoszenko.<\/p>\n<p><!--more-->Mi\u0119dzynarodowy Komitet Wolno\u015bci Prasy i praw dziennikarzy, \u017ce brutalne u\u017cycie si\u0142y w budynku wspomnianego s\u0105du dziennikarze s\u0105 tam przez cz\u0142onk\u00f3w ukrai\u0144skiej policji, zmierzaj\u0105ce do usuni\u0119cia spod hali prasy pokazuje pogard\u0119 rz\u0105d Ukrainy elementarnych zasad demokracji.<\/p>\n<p>Mi\u0119dzynarodowy Komitet Wolno\u015bci Prasy i praw dziennikarzy zwraca si\u0119 do obecnej administracji Ukrainy do przeprowadzenia gruntownego dochodzenia w tym odcinku najbardziej rygorystyczny spos\u00f3b, aby ukara\u0107 winnych tego urz\u0119dnik\u00f3w i nie ma mo\u017cliwo\u015bci powt\u00f3rzenia si\u0119 takich incydent\u00f3w w przysz\u0142o\u015bci.<\/p>\n<p>Tekst dokumentu w j\u0119zyku rosyjskim jest dost\u0119pna w <a href=\"http:\/\/pressguard.arbat.name\/?p=78\">pressguard.arbat.name<\/a><\/p>\n","protected":false},"excerpt":{"rendered":"<p>Mi\u0119dzynarodowy Komitet Wolno\u015bci Prasy i praw dziennikarzy jest zaniepokojony n\u0119kania dziennikarzy w s\u0105dzie w mie\u015bcie Kijowie, kt\u00f3re mia\u0142o miejsce dzisiaj w przypadku by\u0142ego premiera Ukrainy i pr\u0105du lidera opozycji Juli\u0105 Tymoszenko.<\/p>\n","protected":false},"author":1,"featured_media":0,"comment_status":"closed","ping_status":"open","sticky":false,"template":"","format":"standard","meta":{"footnotes":""},"categories":[3],"tags":[9,33],"class_list":["post-47","post","type-post","status-publish","format-standard","hentry","category-komitet-ochrony-prasy","tag-ukraina","tag-wolnosci-prasy"],"_links":{"self":[{"href":"https:\/\/pl.freedomguard.arbat.name\/index.php?rest_route=\/wp\/v2\/posts\/47","targetHints":{"allow":["GET"]}}],"collection":[{"href":"https:\/\/pl.freedomguard.arbat.name\/index.php?rest_route=\/wp\/v2\/posts"}],"about":[{"href":"https:\/\/pl.freedomguard.arbat.name\/index.php?rest_route=\/wp\/v2\/types\/post"}],"author":[{"embeddable":true,"href":"https:\/\/pl.freedomguard.arbat.name\/index.php?rest_route=\/wp\/v2\/users\/1"}],"replies":[{"embeddable":true,"href":"https:\/\/pl.freedomguard.arbat.name\/index.php?rest_route=%2Fwp%2Fv2%2Fcomments&post=47"}],"version-history":[{"count":0,"href":"https:\/\/pl.freedomguard.arbat.name\/index.php?rest_route=\/wp\/v2\/posts\/47\/revisions"}],"wp:attachment":[{"href":"https:\/\/pl.freedomguard.arbat.name\/index.php?rest_route=%2Fwp%2Fv2%2Fmedia&parent=47"}],"wp:term":[{"taxonomy":"category","embeddable":true,"href":"https:\/\/pl.freedomguard.arbat.name\/index.php?rest_route=%2Fwp%2Fv2%2Fcategories&post=47"},{"taxonomy":"post_tag","embeddable":true,"href":"https:\/\/pl.freedomguard.arbat.name\/index.php?rest_route=%2Fwp%2Fv2%2Ftags&post=47"}],"curies":[{"name":"wp","href":"https:\/\/api.w.org\/{rel}","templated":true}]}}