{"id":53,"date":"2011-07-12T09:56:15","date_gmt":"2011-07-12T09:56:15","guid":{"rendered":"http:\/\/pl.freedomguard.arbat.name\/?p=53"},"modified":"2011-07-12T09:56:15","modified_gmt":"2011-07-12T09:56:15","slug":"w-odniesieniu-do-sytuacji-na-bialorusi","status":"publish","type":"post","link":"https:\/\/pl.freedomguard.arbat.name\/?p=53","title":{"rendered":"W odniesieniu do sytuacji na Bia\u0142orusi"},"content":{"rendered":"<p>Mi\u0119dzynarodowy Komitet obrony wolno\u015bci i spo\u0142ecze\u0144stwa obywatelskiego jest zaniepokojony sytuacj\u0105, \u017ce opracowa\u0142a w ostatnich latach na Bia\u0142orusi w dziedzinie praw cz\u0142owieka. Liczba aresztowa\u0144 obywateli Bia\u0142orusi pokojowe wyra\u017canie sprzeciwu wobec polityki re\u017cimu, kt\u00f3re odbywaj\u0105 si\u0119 na ulicach i placach wi\u0119kszo\u015bci du\u017cych miast na Bia\u0142orusi nie mo\u017ce by\u0107 dopuszczalne w nowoczesnym pa\u0144stwie europejskim.<\/p>\n<p><!--more-->Mi\u0119dzynarodowy Komitet obrony wolno\u015bci i spo\u0142ecze\u0144stwa obywatelskiego oferuje do w\u0142adz bia\u0142oruskich w mo\u017cliwie najkr\u00f3tszym czasie dostosowanie swojej dzia\u0142alno\u015bci \u015bcigania w \u015bcis\u0142ej zgodno\u015bci z obowi\u0105zuj\u0105cymi dzi\u015b w cywilizowanym \u015bwiecie normami prawa mi\u0119dzynarodowego dotycz\u0105cych praw cz\u0142owieka.<\/p>\n<p>Mi\u0119dzynarodowy Komitet obrony wolno\u015bci i spo\u0142ecze\u0144stwa obywatelskiego zwraca uwag\u0119 w\u0142adz bia\u0142oruskich na fakt, \u017ce spo\u0142eczno\u015b\u0107 mi\u0119dzynarodowa ma wystarczaj\u0105cej liczby skutecznych narz\u0119dzi, kt\u00f3re w razie potrzeby mo\u017cna w jaki\u015b spos\u00f3b, aby zapewni\u0107 zgodno\u015b\u0107 na Bia\u0142orusi uznanych na ca\u0142ym \u015bwiecie praw cz\u0142owieka.<\/p>\n<p>Tekst dokumentu w j\u0119zyku rosyjskim jest dost\u0119pna w <a href=\"http:\/\/civilguard.arbat.name\/?p=121\">civilguard.arbat.name<\/a><\/p>\n","protected":false},"excerpt":{"rendered":"<p>Mi\u0119dzynarodowy Komitet obrony wolno\u015bci i spo\u0142ecze\u0144stwa obywatelskiego jest zaniepokojony sytuacj\u0105, \u017ce opracowa\u0142a w ostatnich latach na Bia\u0142orusi w dziedzinie praw cz\u0142owieka. Liczba aresztowa\u0144 obywateli Bia\u0142orusi pokojowe wyra\u017canie sprzeciwu wobec polityki re\u017cimu, kt\u00f3re odbywaj\u0105 si\u0119 na ulicach i placach wi\u0119kszo\u015bci du\u017cych miast na Bia\u0142orusi nie mo\u017ce by\u0107 dopuszczalne w nowoczesnym pa\u0144stwie europejskim.<\/p>\n","protected":false},"author":1,"featured_media":0,"comment_status":"closed","ping_status":"open","sticky":false,"template":"","format":"standard","meta":{"footnotes":""},"categories":[18],"tags":[35,20,36,37],"class_list":["post-53","post","type-post","status-publish","format-standard","hentry","category-komitet-obrony-wolnosci","tag-bialorus","tag-prawa-czlowieka","tag-prawa-obywatelskie","tag-represji"],"_links":{"self":[{"href":"https:\/\/pl.freedomguard.arbat.name\/index.php?rest_route=\/wp\/v2\/posts\/53","targetHints":{"allow":["GET"]}}],"collection":[{"href":"https:\/\/pl.freedomguard.arbat.name\/index.php?rest_route=\/wp\/v2\/posts"}],"about":[{"href":"https:\/\/pl.freedomguard.arbat.name\/index.php?rest_route=\/wp\/v2\/types\/post"}],"author":[{"embeddable":true,"href":"https:\/\/pl.freedomguard.arbat.name\/index.php?rest_route=\/wp\/v2\/users\/1"}],"replies":[{"embeddable":true,"href":"https:\/\/pl.freedomguard.arbat.name\/index.php?rest_route=%2Fwp%2Fv2%2Fcomments&post=53"}],"version-history":[{"count":0,"href":"https:\/\/pl.freedomguard.arbat.name\/index.php?rest_route=\/wp\/v2\/posts\/53\/revisions"}],"wp:attachment":[{"href":"https:\/\/pl.freedomguard.arbat.name\/index.php?rest_route=%2Fwp%2Fv2%2Fmedia&parent=53"}],"wp:term":[{"taxonomy":"category","embeddable":true,"href":"https:\/\/pl.freedomguard.arbat.name\/index.php?rest_route=%2Fwp%2Fv2%2Fcategories&post=53"},{"taxonomy":"post_tag","embeddable":true,"href":"https:\/\/pl.freedomguard.arbat.name\/index.php?rest_route=%2Fwp%2Fv2%2Ftags&post=53"}],"curies":[{"name":"wp","href":"https:\/\/api.w.org\/{rel}","templated":true}]}}