{"id":72,"date":"2013-12-13T12:31:31","date_gmt":"2013-12-13T12:31:31","guid":{"rendered":"http:\/\/pl.freedomguard.arbat.name\/?p=72"},"modified":"2013-12-13T12:31:31","modified_gmt":"2013-12-13T12:31:31","slug":"o-atakach-na-dziennikarzy-w-kijowie","status":"publish","type":"post","link":"https:\/\/pl.freedomguard.arbat.name\/?p=72","title":{"rendered":"O atakach na dziennikarzy w Kijowie"},"content":{"rendered":"<p>Mi\u0119dzynarodowy Komitet na rzecz ochrony wolno\u015bci prasy i praw dziennikarzy bardzo zaskoczony faktem,brak widocznych post\u0119p\u00f3w w dochodzeniu wielu przypadkach w\u0142adze Ukrainy ukierunkowane ataki na dziennikarzy przez policj\u0119 w centrum Kijowa, 30 listopada 2013 i 01 grudzie\u0144 2013. Pomimo faktu, \u017ce sprawcy s\u0105 dobrze znane i nie ukrywa\u0107 si\u0119 przed wymiarem sprawiedliwo\u015bci.<\/p>\n<p><!--more-->Mi\u0119dzynarodowy Komitet na rzecz ochrony wolno\u015bci prasy i praw dziennikarzy uwa\u017ca, \u017ce schlebianie powiedzia\u0142 policyjnego terroru wobec dziennikarzy, w\u0142adze Ukrainy otwarcie zademonstrowa\u0107 \u015bwiatu swoj\u0105 odleg\u0142ego od przyj\u0119tych norm cywilizowanego zachowania. W dzisiejszym \u015bwiecie, tylkobardzo ma\u0142a liczba totalitarnych i dyktatorskich re\u017cim\u00f3w, kt\u00f3re s\u0105 w\u015br\u00f3d spo\u0142eczno\u015bci \u015bwiata w specjalnym koncie, pozwalaj\u0105 sobie by\u0107 tak cyniczny, jak to obserwuje si\u0119 w niniejszej sprawie, zaniedbania praw dziennikarzy.<\/p>\n<p>Mi\u0119dzynarodowy Komitet na rzecz ochrony wolno\u015bci prasy i praw dziennikarzy wymaga, aby w\u0142adze ukrai\u0144skie do natychmiastowego postawienia przed s\u0105dem wszystkich rygorystycznych policjant\u00f3w zaanga\u017cowanych w organizacj\u0119 i praktycewy\u017cej wymienione precedensu w cywilizowanym \u015bwiecie terroru wobec dziennikarzy w Kijowie.<\/p>\n<p>Oryginalny dokument jest w j\u0119zyku rosyjskim w <a href=\"http:\/\/pressguard.arbat.name\/?p=159\">http:\/\/pressguard.arbat.name\/?p=159<\/a><\/p>\n","protected":false},"excerpt":{"rendered":"<p>Mi\u0119dzynarodowy Komitet na rzecz ochrony wolno\u015bci prasy i praw dziennikarzy bardzo zaskoczony faktem,brak widocznych post\u0119p\u00f3w w dochodzeniu wielu przypadkach w\u0142adze Ukrainy ukierunkowane ataki na dziennikarzy przez policj\u0119 w centrum Kijowa, 30 listopada 2013 i 01 grudzie\u0144 2013. Pomimo faktu, \u017ce sprawcy s\u0105 dobrze znane i nie ukrywa\u0107 si\u0119 przed wymiarem sprawiedliwo\u015bci.<\/p>\n","protected":false},"author":1,"featured_media":0,"comment_status":"closed","ping_status":"open","sticky":false,"template":"","format":"standard","meta":{"footnotes":""},"categories":[3],"tags":[4,42,9],"class_list":["post-72","post","type-post","status-publish","format-standard","hentry","category-komitet-ochrony-prasy","tag-nacisku-na-media","tag-policja","tag-ukraina"],"_links":{"self":[{"href":"https:\/\/pl.freedomguard.arbat.name\/index.php?rest_route=\/wp\/v2\/posts\/72","targetHints":{"allow":["GET"]}}],"collection":[{"href":"https:\/\/pl.freedomguard.arbat.name\/index.php?rest_route=\/wp\/v2\/posts"}],"about":[{"href":"https:\/\/pl.freedomguard.arbat.name\/index.php?rest_route=\/wp\/v2\/types\/post"}],"author":[{"embeddable":true,"href":"https:\/\/pl.freedomguard.arbat.name\/index.php?rest_route=\/wp\/v2\/users\/1"}],"replies":[{"embeddable":true,"href":"https:\/\/pl.freedomguard.arbat.name\/index.php?rest_route=%2Fwp%2Fv2%2Fcomments&post=72"}],"version-history":[{"count":0,"href":"https:\/\/pl.freedomguard.arbat.name\/index.php?rest_route=\/wp\/v2\/posts\/72\/revisions"}],"wp:attachment":[{"href":"https:\/\/pl.freedomguard.arbat.name\/index.php?rest_route=%2Fwp%2Fv2%2Fmedia&parent=72"}],"wp:term":[{"taxonomy":"category","embeddable":true,"href":"https:\/\/pl.freedomguard.arbat.name\/index.php?rest_route=%2Fwp%2Fv2%2Fcategories&post=72"},{"taxonomy":"post_tag","embeddable":true,"href":"https:\/\/pl.freedomguard.arbat.name\/index.php?rest_route=%2Fwp%2Fv2%2Ftags&post=72"}],"curies":[{"name":"wp","href":"https:\/\/api.w.org\/{rel}","templated":true}]}}