{"id":74,"date":"2014-01-27T21:37:36","date_gmt":"2014-01-27T21:37:36","guid":{"rendered":"http:\/\/pl.freedomguard.arbat.name\/?p=74"},"modified":"2014-01-27T21:37:36","modified_gmt":"2014-01-27T21:37:36","slug":"o-koniecznosci-osiagniecia-kompromisu","status":"publish","type":"post","link":"https:\/\/pl.freedomguard.arbat.name\/?p=74","title":{"rendered":"O konieczno\u015bci osi\u0105gni\u0119cia kompromisu"},"content":{"rendered":"<p>Komitet obywateli Ukrainy z zadowoleniem przyjmuje inicjatyw\u0119 prezydenta Wiktora Janukowycza skierowana do opozycji, kt\u00f3rego celem jest znalezienie sposobu kompromisowego wyj\u015bcia z kryzysu politycznego.<\/p>\n<p><!--more-->Komitet wzywa opozycj\u0119 do negocjacji z rz\u0105dem i zako\u0144czenia konfrontacji militarnej w ca\u0142ym stanie.<\/p>\n<p>Komitet wzywa opozycj\u0119 do oddzieli\u0107 si\u0119 od zwolennik\u00f3w radykalnych ruch\u00f3w politycznych, kt\u00f3rych dzia\u0142ania utrudniaj\u0105 stabilizacj\u0119 Ukrainie.<\/p>\n<p>Komitet wzywa pos\u0142\u00f3w do uchylenia przepis\u00f3w przyj\u0119tych w dniu 16 stycznia 2014 ograniczenie praw cz\u0142owieka na Ukrainie.<\/p>\n<p>Komitet wzywa UE i USA do wywierania maksymalnych wysi\u0142k\u00f3w na rzecz zako\u0144czenia konfliktu obywatelskiego na Ukrainie i osi\u0105gni\u0119cie kompromisu pomi\u0119dzy obecnego rz\u0105du i opozycji parlamentarnej.<\/p>\n<p>Oryginalny tekst o\u015bwiadczenia w j\u0119zyku rosyjskim jest dost\u0119pny w <a href=\"http:\/\/kgu.arbat.name\/?p=285\">http:\/\/kgu.arbat.name\/?p=285<\/a><\/p>\n","protected":false},"excerpt":{"rendered":"<p>Komitet obywateli Ukrainy z zadowoleniem przyjmuje inicjatyw\u0119 prezydenta Wiktora Janukowycza skierowana do opozycji, kt\u00f3rego celem jest znalezienie sposobu kompromisowego wyj\u015bcia z kryzysu politycznego.<\/p>\n","protected":false},"author":1,"featured_media":0,"comment_status":"closed","ping_status":"open","sticky":false,"template":"","format":"standard","meta":{"footnotes":""},"categories":[6],"tags":[13,43,7,9],"class_list":["post-74","post","type-post","status-publish","format-standard","hentry","category-komitet-obywateli-ukrainy","tag-janukowycz","tag-masowe-protesty","tag-opozycji","tag-ukraina"],"_links":{"self":[{"href":"https:\/\/pl.freedomguard.arbat.name\/index.php?rest_route=\/wp\/v2\/posts\/74","targetHints":{"allow":["GET"]}}],"collection":[{"href":"https:\/\/pl.freedomguard.arbat.name\/index.php?rest_route=\/wp\/v2\/posts"}],"about":[{"href":"https:\/\/pl.freedomguard.arbat.name\/index.php?rest_route=\/wp\/v2\/types\/post"}],"author":[{"embeddable":true,"href":"https:\/\/pl.freedomguard.arbat.name\/index.php?rest_route=\/wp\/v2\/users\/1"}],"replies":[{"embeddable":true,"href":"https:\/\/pl.freedomguard.arbat.name\/index.php?rest_route=%2Fwp%2Fv2%2Fcomments&post=74"}],"version-history":[{"count":0,"href":"https:\/\/pl.freedomguard.arbat.name\/index.php?rest_route=\/wp\/v2\/posts\/74\/revisions"}],"wp:attachment":[{"href":"https:\/\/pl.freedomguard.arbat.name\/index.php?rest_route=%2Fwp%2Fv2%2Fmedia&parent=74"}],"wp:term":[{"taxonomy":"category","embeddable":true,"href":"https:\/\/pl.freedomguard.arbat.name\/index.php?rest_route=%2Fwp%2Fv2%2Fcategories&post=74"},{"taxonomy":"post_tag","embeddable":true,"href":"https:\/\/pl.freedomguard.arbat.name\/index.php?rest_route=%2Fwp%2Fv2%2Ftags&post=74"}],"curies":[{"name":"wp","href":"https:\/\/api.w.org\/{rel}","templated":true}]}}